{"id":13383,"date":"2023-01-19T20:28:19","date_gmt":"2023-01-20T01:28:19","guid":{"rendered":"http:\/\/old-bagel.flywheelstaging.com\/efectos-de-las-drogas-ilegales-en-el-corazon\/"},"modified":"2023-01-19T20:28:19","modified_gmt":"2023-01-20T01:28:19","slug":"efectos-de-las-drogas-ilegales-en-el-corazon","status":"publish","type":"post","link":"https:\/\/elfuturo-nc.org\/es\/efectos-de-las-drogas-ilegales-en-el-corazon\/","title":{"rendered":"Efectos de las Drogas Ilegales en el Coraz\u00f3n"},"content":{"rendered":"<p><span style=\"font-weight: 400;\">Las adicciones son problemas muy graves que pueden afectar a personas de todas las edades, desde adultos hasta beb\u00e9s que son hijos de madres adictas. El consumo cr\u00f3nico de estas sustancias tiene repercusiones importantes en la funci\u00f3n cardiovascular. Estos problemas pueden incluir un deterioro del funcionamiento cardiovascular, alteraciones del ritmo, insuficiencia card\u00edaca, o incluso la muerte.<\/span><\/p>\n<p><a href=\"https:\/\/svca.mx\/efectos-de-las-drogas\">Efectos de las Drogas<\/a><\/p>\n","protected":false},"excerpt":{"rendered":"<p>Las adicciones son problemas muy graves que pueden afectar a personas de todas las edades, desde adultos hasta beb\u00e9s que son hijos de madres adictas. El consumo cr\u00f3nico de estas sustancias tiene repercusiones importantes en la funci\u00f3n cardiovascular. Estos problemas pueden incluir un deterioro del funcionamiento cardiovascular, alteraciones del ritmo, insuficiencia card\u00edaca, o incluso la [&hellip;]<\/p>\n","protected":false},"author":2,"featured_media":0,"comment_status":"open","ping_status":"open","sticky":false,"template":"","format":"standard","meta":{"_et_pb_use_builder":"","_et_pb_old_content":"","_et_gb_content_width":"","footnotes":"","_links_to":"","_links_to_target":""},"categories":[52,55],"tags":[],"class_list":["post-13383","post","type-post","status-publish","format-standard","hentry","category-resource-es","category-sin-ataduras-es"],"_links":{"self":[{"href":"https:\/\/elfuturo-nc.org\/es\/wp-json\/wp\/v2\/posts\/13383","targetHints":{"allow":["GET"]}}],"collection":[{"href":"https:\/\/elfuturo-nc.org\/es\/wp-json\/wp\/v2\/posts"}],"about":[{"href":"https:\/\/elfuturo-nc.org\/es\/wp-json\/wp\/v2\/types\/post"}],"author":[{"embeddable":true,"href":"https:\/\/elfuturo-nc.org\/es\/wp-json\/wp\/v2\/users\/2"}],"replies":[{"embeddable":true,"href":"https:\/\/elfuturo-nc.org\/es\/wp-json\/wp\/v2\/comments?post=13383"}],"version-history":[{"count":0,"href":"https:\/\/elfuturo-nc.org\/es\/wp-json\/wp\/v2\/posts\/13383\/revisions"}],"wp:attachment":[{"href":"https:\/\/elfuturo-nc.org\/es\/wp-json\/wp\/v2\/media?parent=13383"}],"wp:term":[{"taxonomy":"category","embeddable":true,"href":"https:\/\/elfuturo-nc.org\/es\/wp-json\/wp\/v2\/categories?post=13383"},{"taxonomy":"post_tag","embeddable":true,"href":"https:\/\/elfuturo-nc.org\/es\/wp-json\/wp\/v2\/tags?post=13383"}],"curies":[{"name":"wp","href":"https:\/\/api.w.org\/{rel}","templated":true}]}}