{"id":14135,"date":"2023-03-29T16:29:03","date_gmt":"2023-03-29T20:29:03","guid":{"rendered":"https:\/\/elfuturo-nc.org\/gracias-por-ayudarnos-a-imaginar\/"},"modified":"2023-03-30T09:44:47","modified_gmt":"2023-03-30T13:44:47","slug":"gracias-por-ayudarnos-a-imaginar","status":"publish","type":"post","link":"https:\/\/elfuturo-nc.org\/es\/gracias-por-ayudarnos-a-imaginar\/","title":{"rendered":"Gracias por ayudarnos a IMAGINAR"},"content":{"rendered":"<p>[et_pb_section fb_built=&#8221;1&#8243; _builder_version=&#8221;4.16&#8243; global_colors_info=&#8221;{}&#8221;][et_pb_row _builder_version=&#8221;4.16&#8243; background_size=&#8221;initial&#8221; background_position=&#8221;top_left&#8221; background_repeat=&#8221;repeat&#8221; global_colors_info=&#8221;{}&#8221;][et_pb_column type=&#8221;4_4&#8243; _builder_version=&#8221;4.16&#8243; custom_padding=&#8221;|||&#8221; global_colors_info=&#8221;{}&#8221; custom_padding__hover=&#8221;|||&#8221;][et_pb_text _builder_version=&#8221;4.20.0&#8243; background_size=&#8221;initial&#8221; background_position=&#8221;top_left&#8221; background_repeat=&#8221;repeat&#8221; global_colors_info=&#8221;{}&#8221;]<\/p>\n<p>Por primera vez en cuatro a\u00f1os, el almuerzo ben\u00e9fico anual de El Futuro reuni\u00f3 a una sala llena de simpatizantes para ayudar a imaginar c\u00f3mo ser\u00eda la salud mental \u00f3ptima para la comunidad latina a la que servimos.<\/p>\n<p>El 21 de marzo de 2023 abrimos las puertas del Centro de Convenciones de Durham para recibir a 330 miembros de la comunidad, donantes y patrocinadores corporativos durante una hora de programaci\u00f3n interactiva. Despu\u00e9s de muchos saludos entusiastas, se invit\u00f3 a los invitados a contribuir con sus ideas a una nube de palabras gigante que preguntaba &#8220;En una comunidad ideal, \u00bfqu\u00e9 estar\u00eda disponible para apoyar una salud mental \u00f3ptima?&#8221; (Ver foto abajo)<\/p>\n<p>Luego escuchamos a Luke Smith, Director Ejecutivo de El Futuro, el Di\u00e1cono Luis Royo, Director de Ministerios Hispanos en la Iglesia Cat\u00f3lica St. Thomas More, Courtney Crawford, Terapeuta en El Futuro, y Luis Alvarez, Copresidente de la Junta de El Futuro.<\/p>\n<p>Courtney Crawford comparti\u00f3 una historia especialmente poderosa de la familia de un cliente que encontr\u00f3 la curaci\u00f3n juntos: \u201cDe alguna manera, como terapeutas, nuestro trabajo es prestar nuestra imaginaci\u00f3n a nuestros clientes. El estr\u00e9s y la crisis pueden afectar negativamente nuestra capacidad de imaginar. Los psic\u00f3logos lanzan t\u00e9rminos como &#8220;futuro acortado&#8221; y &#8220;desesperanza&#8221;. Pero de alguna manera, es una falta de imaginaci\u00f3n. Clientes que se sienten tan atrapados en su trauma que no pueden imaginar tener una noche completa de sue\u00f1o sin que las pesadillas los despierten. Clientes tan impactados por la depresi\u00f3n que no pueden imaginar volver a re\u00edr nunca m\u00e1s. Y, sin embargo, durante mis nueve a\u00f1os en El Futuro, he visto a innumerables personas &#8220;mejorar&#8221;, ya sea que eso signifique que pueden mantener un trabajo, tener relaciones significativas o salir de casa sin entrar en p\u00e1nico. As\u00ed que me gusta pensar que tengo una imaginaci\u00f3n &#8220;bien informada&#8221;. No es solo un pastel en el cielo. Estamos imaginando cosas que pueden sentirse fuera de alcance al principio, pero son absolutamente posibles\u201d.<\/p>\n<p>Estamos muy emocionados de seguir imaginando el futuro juntos y tambi\u00e9n agradecidos con nuestros seguidores. Con su ayuda y nuestros patrocinadores, RTI International, Duke Health y UNC Health, <strong>ya se han recaudado $82,000 para ayudar a m\u00e1s familias a buscar una salud mental \u00f3ptima.<\/strong> Extendemos nuestro profundo agradecimiento a todos los que hicieron esto posible.<\/p>\n<p>\u201cEl Futuro sue\u00f1a con no solo responder con ayuda durante los momentos de crisis cuando la depresi\u00f3n y la ansiedad han echado ra\u00edces, sino tambi\u00e9n invertir en los momentos de encuentro y uni\u00f3n, estos momentos en los que nos fortalecemos mutuamente, como en las reuniones escolares, en iglesias y lugares de fe, o en celebraciones y fiestas de quincea\u00f1eras. Nuestro sue\u00f1o es una comunidad de relaciones saludables\u201d, comparti\u00f3 el Director Ejecutivo, Luke Smith, durante su presentaci\u00f3n.<\/p>\n<p>Nuestro Almuerzo llega en un momento en que los servicios de El Futuro son m\u00e1s necesarios que nunca. Muchos de nuestros clientes vienen a nosotros temiendo por su seguridad en las mismas comunidades a las que llaman hogar. Los latinos a menudo experimentan estr\u00e9s relacionado con la inmigraci\u00f3n, la nueva cultura, la pandemia y la adaptaci\u00f3n a un nuevo hogar; nuestras cl\u00ednicas sirven como un lugar de apoyo para estas familias. Cada a\u00f1o atendemos alrededor de 2000 clientes y 14 000 sesiones cl\u00ednicas, con un n\u00famero r\u00e9cord de clientes que siguen viniendo a vernos por primera vez.<\/p>\n<p><strong>Sigamos imaginando el futuro juntos<\/strong><\/p>\n<p>*Adem\u00e1s de recaudar fondos para los servicios de El Futuro, \u00a1el Almuerzo fue un evento maravilloso para reunir a tantas personas que trabajan para cuidar a las familias de Carolina del Norte! Otros aspectos destacados del Almuerzo fueron los juguetes con los que todos pudieron jugar, el video inspirador &#8220;Imagine&#8221; y, por supuesto, \u00a1el mariachi! Esperamos que considere trabajar con los proveedores que hicieron que el Almuerzo fuera un \u00e9xito:<\/p>\n<p>Mariachi Viva M\u00e9xico:<a href=\"https:\/\/www.mariachivivamexiconc.com\/\"> https:\/\/www.mariachivivamexiconc.com\/<\/a><br \/>Impresi\u00f3n de recursos AD: <a href=\"https:\/\/www.adresourcesinc.com\/\">https:\/\/www.adresourcesinc.com\/<\/a><br \/>Letreros y pancartas de MedMedia Solutions:<a href=\"https:\/\/medmediasolutions.com\/\"> https:\/\/medmediasolutions.com\/<\/a><br \/>Centro de Convenciones de Durham: <a href=\"https:\/\/www.durhamconventioncenter.com\/\">https:\/\/www.durhamconventioncenter.com\/<\/a><\/p>\n<p>[\/et_pb_text][\/et_pb_column][\/et_pb_row][et_pb_row _builder_version=&#8221;4.19.1&#8243; _module_preset=&#8221;default&#8221; global_colors_info=&#8221;{}&#8221;][et_pb_column type=&#8221;4_4&#8243; _builder_version=&#8221;4.19.1&#8243; _module_preset=&#8221;default&#8221; global_colors_info=&#8221;{}&#8221;]<\/p>\n<p>[et_pb_gallery gallery_ids=&#8221;14094,14096,14098,14100,14102,14104,14106,14108,14110,14112,14114,14116,14118,14120,14122,14124,14126&#8243; show_title_and_caption=&#8221;off&#8221; _builder_version=&#8221;4.20.0&#8243; _module_preset=&#8221;default&#8221; global_colors_info=&#8221;{}&#8221;][\/et_pb_gallery][et_pb_video src=&#8221;https:\/\/youtu.be\/Nkn6mK0Kiks&#8221; _builder_version=&#8221;4.20.0&#8243; _module_preset=&#8221;default&#8221; global_colors_info=&#8221;{}&#8221;][\/et_pb_video]<\/p>\n<p>[\/et_pb_column][\/et_pb_row][\/et_pb_section]<\/p>\n","protected":false},"excerpt":{"rendered":"<p>Por primera vez en cuatro a\u00f1os, el almuerzo ben\u00e9fico anual de El Futuro reuni\u00f3 a una sala llena de simpatizantes para ayudar a imaginar c\u00f3mo ser\u00eda la salud mental \u00f3ptima para la comunidad latina a la que servimos.El 21 de marzo de 2023 abrimos las puertas del Centro de Convenciones de Durham para recibir a [&hellip;]<\/p>\n","protected":false},"author":8,"featured_media":14098,"comment_status":"open","ping_status":"open","sticky":false,"template":"","format":"standard","meta":{"_et_pb_use_builder":"on","_et_pb_old_content":"","_et_gb_content_width":"","footnotes":"","_links_to":"","_links_to_target":""},"categories":[32],"tags":[],"class_list":["post-14135","post","type-post","status-publish","format-standard","has-post-thumbnail","hentry","category-news-es"],"_links":{"self":[{"href":"https:\/\/elfuturo-nc.org\/es\/wp-json\/wp\/v2\/posts\/14135","targetHints":{"allow":["GET"]}}],"collection":[{"href":"https:\/\/elfuturo-nc.org\/es\/wp-json\/wp\/v2\/posts"}],"about":[{"href":"https:\/\/elfuturo-nc.org\/es\/wp-json\/wp\/v2\/types\/post"}],"author":[{"embeddable":true,"href":"https:\/\/elfuturo-nc.org\/es\/wp-json\/wp\/v2\/users\/8"}],"replies":[{"embeddable":true,"href":"https:\/\/elfuturo-nc.org\/es\/wp-json\/wp\/v2\/comments?post=14135"}],"version-history":[{"count":0,"href":"https:\/\/elfuturo-nc.org\/es\/wp-json\/wp\/v2\/posts\/14135\/revisions"}],"wp:featuredmedia":[{"embeddable":true,"href":"https:\/\/elfuturo-nc.org\/es\/wp-json\/wp\/v2\/media\/14098"}],"wp:attachment":[{"href":"https:\/\/elfuturo-nc.org\/es\/wp-json\/wp\/v2\/media?parent=14135"}],"wp:term":[{"taxonomy":"category","embeddable":true,"href":"https:\/\/elfuturo-nc.org\/es\/wp-json\/wp\/v2\/categories?post=14135"},{"taxonomy":"post_tag","embeddable":true,"href":"https:\/\/elfuturo-nc.org\/es\/wp-json\/wp\/v2\/tags?post=14135"}],"curies":[{"name":"wp","href":"https:\/\/api.w.org\/{rel}","templated":true}]}}