{"id":18038,"date":"2024-05-14T16:33:44","date_gmt":"2024-05-14T20:33:44","guid":{"rendered":"https:\/\/elfuturo-nc.org\/celebrando-una-idea-interesante-veinte-anos-despues\/"},"modified":"2024-05-14T16:34:04","modified_gmt":"2024-05-14T20:34:04","slug":"celebrando-una-idea-interesante-veinte-anos-despues","status":"publish","type":"post","link":"https:\/\/elfuturo-nc.org\/es\/celebrando-una-idea-interesante-veinte-anos-despues\/","title":{"rendered":"Celebrando una \u201cidea interesante\u201d veinte a\u00f1os despu\u00e9s"},"content":{"rendered":"<p>[et_pb_section fb_built=&#8221;1&#8243; _builder_version=&#8221;4.24.2&#8243; _module_preset=&#8221;default&#8221; global_colors_info=&#8221;{}&#8221;][et_pb_row _builder_version=&#8221;4.24.2&#8243; _module_preset=&#8221;default&#8221; locked=&#8221;off&#8221; global_colors_info=&#8221;{}&#8221;][et_pb_column type=&#8221;4_4&#8243; _builder_version=&#8221;4.24.2&#8243; _module_preset=&#8221;default&#8221; global_colors_info=&#8221;{}&#8221;][et_pb_text _builder_version=&#8221;4.24.2&#8243; _module_preset=&#8221;default&#8221; global_colors_info=&#8221;{}&#8221;]<\/p>\n<h4 style=\"text-align: center;\"><em>Esta publicaci\u00f3n proviene de Norma Mart\u00ed, una de nuestras invitadas especiales al Almuerzo del 20 Aniversario de El Futuro el 26 de abril de 2024.<\/em><\/h4>\n<p>[\/et_pb_text][\/et_pb_column][\/et_pb_row][et_pb_row _builder_version=&#8221;4.24.2&#8243; _module_preset=&#8221;default&#8221; locked=&#8221;off&#8221; global_colors_info=&#8221;{}&#8221;][et_pb_column type=&#8221;4_4&#8243; _builder_version=&#8221;4.24.2&#8243; _module_preset=&#8221;default&#8221; global_colors_info=&#8221;{}&#8221;][et_pb_text _builder_version=&#8221;4.24.2&#8243; _module_preset=&#8221;default&#8221; global_colors_info=&#8221;{}&#8221;]<\/p>\n<p><img loading=\"lazy\" decoding=\"async\" class=\"wp-image-18034 alignleft \" src=\"https:\/\/elfuturo-nc.org\/wp-content\/uploads\/2024\/05\/Norma-Marti-1024x768.jpg\" alt=\"\" width=\"498\" height=\"373\" \/>En mi coraz\u00f3n, siempre he apoyado a El Futuro, as\u00ed que cuando uno de los miembros de la junta directiva de El Futuro me invit\u00f3 a asistir al almuerzo de su vig\u00e9simo aniversario, fue un s\u00ed f\u00e1cil para m\u00ed. Originalmente conoc\u00ed a Luke Smith en alg\u00fan evento de organizaci\u00f3n comunitaria en las monta\u00f1as hace veinte a\u00f1os y mientras hablaba sobre esta nueva idea de brindar servicios de salud mental directamente a la comunidad latina, recuerdo que pens\u00e9: &#8220;Es una idea interesante&#8221;.<\/p>\n<p>Avancemos veinte a\u00f1os hasta el Almuerzo de 2024, donde 300 personas se reunieron en un solo lugar para celebrar el impacto reverberante de esa \u201cidea interesante\u201d. \u00a1Y parec\u00eda una celebraci\u00f3n! Vi antiguos colegas, contactos profesionales y muchos amigos, viejos y nuevos. Fue otro recordatorio de que la comunidad latina est\u00e1 creciendo y el apoyo a la salud y el bienestar mental tambi\u00e9n. A medida que El Futuro contin\u00faa creciendo como una organizaci\u00f3n impulsada por la comunidad, espero ver que El Futuro incorpore m\u00e1s voces masculinas, ya que la salud mental es uno de los temas que tienden a ser m\u00e1s dif\u00edciles de discutir para los hombres.<\/p>\n<p>\u00a1Me encant\u00f3 especialmente que la historia de Maril\u00fa fuera contada en su espa\u00f1ol nativo! La suya fue una historia de fuerza y resistencia. Me acord\u00e9 de una \u00e9poca, hace un par de a\u00f1os, cuando un proyecto en el que trabaj\u00e9 estaba desarrollando capacitaci\u00f3n en salud mental para promotoras, en espa\u00f1ol e ingl\u00e9s, y contactamos a El Futuro, pero en ese momento todos sus materiales de capacitaci\u00f3n todav\u00eda estaban en ingl\u00e9s. Volvieron a la mesa de dibujo y regresaron con materiales en espa\u00f1ol y un capacitador de habla hispana para apoyar a su capacitador principal, y eso enriqueci\u00f3 la efectividad de su trabajo. Todos vamos avanzando poco a poco con fuerza y resistencia.<\/p>\n<p>Mientras escuchaba los testimonios en el almuerzo y las historias del trabajador de salud comunitario, el terapeuta y el cl\u00e9rigo, me sent\u00ed al borde de las l\u00e1grimas. Esto es lo que estamos aqu\u00ed para hacer: marcar una diferencia en la vida de las personas. No todos podemos ser terapeutas, pero todos tenemos algo que podemos aportar.<\/p>\n<p>Yo, por mi parte, sue\u00f1o con brindar un respiro a los padres latinos de ni\u00f1os con necesidades especiales de atenci\u00f3n m\u00e9dica. Es una idea que llamo \u201cCasa Abuelita\u201d, donde las mam\u00e1s y los pap\u00e1s que no tienen abuelos cerca pueden tener una escapada de fin de semana donde simplemente descansar, comer bien, aprender algunas pr\u00e1cticas simples de meditaci\u00f3n y tener un descanso de salud mental. Estoy trabajando con ULECAN (Uni\u00f3n Latina del Este de Carolina del Norte) para hacerlo realidad y este noviembre llevaremos a nuestros dos primeros grupos de familias a una casa donada por Airbnb en la costa de Carolina del Norte. Yo misma soy abuelita, as\u00ed que eventualmente tendr\u00e9 que confiar esta \u201cidea interesante\u201d a la pr\u00f3xima generaci\u00f3n, \u00a1pero de eso se trata!<\/p>\n<p>Felicitaciones a El Futuro por veinte a\u00f1os de so\u00f1ar. Aqu\u00ed est\u00e1 mi haiku inspirado en lo que escuch\u00e9 en el almuerzo:<\/p>\n<h4>\u201cUn futuro aqu\u00ed mismo\u2026<br \/>Esperanza, vida nueva\u2026 nos bendice a todos.<br \/>Los sue\u00f1os son posibles\u201d.<br \/>\u2014Norma Mart\u00ed<\/h4>\n<p><em>A Norma Mart\u00ed a menudo se la conoce como una de las \u201cabuelas de latinos\u201d en Carolina del Norte debido a su vida de arduo trabajo dedicado a aumentar la colaboraci\u00f3n entre la comunidad latina y las organizaciones que les brindan bienes y servicios. Si desea obtener m\u00e1s informaci\u00f3n sobre c\u00f3mo participar en su proyecto \u201cCasa de Abuelita\u201d, env\u00edele un correo electr\u00f3nico a marti.norma@gmail.com.<\/em><\/p>\n<p>View Marilu\u2019s video <strong><a href=\"https:\/\/www.youtube.com\/watch?v=Fccju70x2Jk\">HERE\u00a0<\/a><\/strong><\/p>\n<p>[\/et_pb_text][\/et_pb_column][\/et_pb_row][\/et_pb_section]<\/p>\n","protected":false},"excerpt":{"rendered":"<p>Esta publicaci\u00f3n proviene de Norma Mart\u00ed, una de nuestras invitadas especiales al Almuerzo del 20 Aniversario de El Futuro el 26 de abril de 2024.En mi coraz\u00f3n, siempre he apoyado a El Futuro, as\u00ed que cuando uno de los miembros de la junta directiva de El Futuro me invit\u00f3 a asistir al almuerzo de su [&hellip;]<\/p>\n","protected":false},"author":8,"featured_media":18035,"comment_status":"open","ping_status":"open","sticky":false,"template":"","format":"standard","meta":{"_et_pb_use_builder":"on","_et_pb_old_content":"","_et_gb_content_width":"","footnotes":"","_links_to":"","_links_to_target":""},"categories":[32],"tags":[],"class_list":["post-18038","post","type-post","status-publish","format-standard","has-post-thumbnail","hentry","category-news-es"],"_links":{"self":[{"href":"https:\/\/elfuturo-nc.org\/es\/wp-json\/wp\/v2\/posts\/18038","targetHints":{"allow":["GET"]}}],"collection":[{"href":"https:\/\/elfuturo-nc.org\/es\/wp-json\/wp\/v2\/posts"}],"about":[{"href":"https:\/\/elfuturo-nc.org\/es\/wp-json\/wp\/v2\/types\/post"}],"author":[{"embeddable":true,"href":"https:\/\/elfuturo-nc.org\/es\/wp-json\/wp\/v2\/users\/8"}],"replies":[{"embeddable":true,"href":"https:\/\/elfuturo-nc.org\/es\/wp-json\/wp\/v2\/comments?post=18038"}],"version-history":[{"count":0,"href":"https:\/\/elfuturo-nc.org\/es\/wp-json\/wp\/v2\/posts\/18038\/revisions"}],"wp:featuredmedia":[{"embeddable":true,"href":"https:\/\/elfuturo-nc.org\/es\/wp-json\/wp\/v2\/media\/18035"}],"wp:attachment":[{"href":"https:\/\/elfuturo-nc.org\/es\/wp-json\/wp\/v2\/media?parent=18038"}],"wp:term":[{"taxonomy":"category","embeddable":true,"href":"https:\/\/elfuturo-nc.org\/es\/wp-json\/wp\/v2\/categories?post=18038"},{"taxonomy":"post_tag","embeddable":true,"href":"https:\/\/elfuturo-nc.org\/es\/wp-json\/wp\/v2\/tags?post=18038"}],"curies":[{"name":"wp","href":"https:\/\/api.w.org\/{rel}","templated":true}]}}