{"id":18296,"date":"2024-06-03T13:47:21","date_gmt":"2024-06-03T17:47:21","guid":{"rendered":"https:\/\/elfuturo-nc.org\/cultivar-la-sanacion-a-traves-de-la-comunidad\/"},"modified":"2024-06-03T13:47:40","modified_gmt":"2024-06-03T17:47:40","slug":"cultivar-la-sanacion-a-traves-de-la-comunidad","status":"publish","type":"post","link":"https:\/\/elfuturo-nc.org\/es\/cultivar-la-sanacion-a-traves-de-la-comunidad\/","title":{"rendered":"Cultivar la sanaci\u00f3n a trav\u00e9s de la comunidad"},"content":{"rendered":"<p>[et_pb_section fb_built=&#8221;1&#8243; admin_label=&#8221;section&#8221; _builder_version=&#8221;4.16&#8243; global_colors_info=&#8221;{}&#8221;][et_pb_row admin_label=&#8221;row&#8221; _builder_version=&#8221;4.16&#8243; background_size=&#8221;initial&#8221; background_position=&#8221;top_left&#8221; background_repeat=&#8221;repeat&#8221; global_colors_info=&#8221;{}&#8221;][et_pb_column type=&#8221;4_4&#8243; _builder_version=&#8221;4.16&#8243; custom_padding=&#8221;|||&#8221; global_colors_info=&#8221;{}&#8221; custom_padding__hover=&#8221;|||&#8221;][et_pb_text _builder_version=&#8221;4.24.2&#8243; _module_preset=&#8221;default&#8221; global_colors_info=&#8221;{}&#8221;]<\/p>\n<h4 style=\"text-align: center;\">El programa Mentes Fuertes de El Futuro ofrece salud mental accesible a la comunidad latina de Carolina del Norte<\/h4>\n<p>[\/et_pb_text][et_pb_text _builder_version=&#8221;4.24.2&#8243; _module_preset=&#8221;default&#8221; global_colors_info=&#8221;{}&#8221;]<\/p>\n<p>El Futuro, piedra angular del apoyo a la comunidad latina de Carolina del Norte, est\u00e1 a la vanguardia de la defensa de la salud mental. Un elemento central de nuestra misi\u00f3n es <a href=\"https:\/\/elfuturo-nc.org\/es\/participacion-con-la-comunidad\/\">Mentes Fuertes<\/a>, una iniciativa innovadora desarrollada en colaboraci\u00f3n con la <a href=\"https:\/\/psy.uncg.edu\/strong-minds-strong-communities-study-targets-mental-health-disparities\/\">UNC Greensboro<\/a> y el Hospital General de Massachusetts, que se estren\u00f3 en el condado de Orange, Carolina del Norte. Este programa encarna el esp\u00edritu de la curaci\u00f3n impulsada por la comunidad y aborda los desaf\u00edos \u00fanicos de acceso a la salud mental que enfrentan los latinos a trav\u00e9s del innovador Programa de Trabajadores Comunitarios de Salud Mental.<\/p>\n<p><strong>Abordar la salud mental en la comunidad latina<\/strong><br \/>Dentro de la comunidad latina, la demanda de servicios de salud mental es cr\u00edtica. Mentes Fuertes reconoce las disparidades en el acceso y los resultados que surgen del trauma sist\u00e9mico, la insensibilidad cultural, los factores socioecon\u00f3micos y los factores estresantes de la aculturaci\u00f3n, incluida la discriminaci\u00f3n. Sin embargo, a pesar de la creciente concienciaci\u00f3n, el estigma y las barreras ling\u00fc\u00edsticas persisten en muchos modelos convencionales de salud mental, lo que impide que muchas personas busquen ayuda.<\/p>\n<p><strong>Ofreciendo apoyo de salud mental impulsado por la comunidad<\/strong><br \/>El Futuro extiende la atenci\u00f3n a la comunidad y reduce las barreras de acceso a trav\u00e9s del programa de Trabajadores Comunitarios de Salud Mental. Los trabajadores comunitarios de salud mental reciben una <a href=\"https:\/\/www.uncg.edu\/faculty-staff\/study-disparities-mental-health-care-access\/\">capacitaci\u00f3n rigurosa<\/a> para brindar apoyo individual vital adaptado a las necesidades de la comunidad. Este programa llena un vac\u00edo crucial, ofreciendo apoyo de salud mental gratuito y culturalmente sensible exclusivamente en espa\u00f1ol para adultos mayores de 18 a\u00f1os, ampliando la fuerza laboral que sufre una <a href=\"https:\/\/www.healthaffairs.org\/content\/forefront\/community-health-workers-can-help-improve-youth-mental-health?utm_campaign=forefront&amp;utm_medium=email&amp;_hsenc=p2ANqtz--YpP9BxXe-tOFkEulQUxs41Ut4O1pbiUnub1wFddZRGL1wfnUKggbez5fTmm0UnDnwrIjg4GWjsKF4EG00YRQvNpgViBQqHAg3BdRrrH5B_ZHjm4g&amp;_hsmi=306518750&amp;utm_source=hat\">escasez cr\u00edtica<\/a> de profesionales de salud mental biling\u00fces y con licencia cl\u00ednica.<\/p>\n<p>Mentes Fuertes empodera a los trabajadores de salud comunitarios para mejorar los resultados de salud mental de la comunidad latina aprovechando la relaci\u00f3n existente y los conocimientos culturales de los trabajadores de salud. Equipados con una capacitaci\u00f3n integral, los trabajadores comunitarios de salud mental ayudan a los miembros de la comunidad con s\u00edntomas de depresi\u00f3n, ansiedad y trastorno de estr\u00e9s postraum\u00e1tico a aprender habilidades para mejorar su bienestar mental.<\/p>\n<p>Nuestro equipo de cuatro TSC ya ha examinado a 83 personas de dos condados de Carolina del Norte en los primeros cinco meses de este esfuerzo piloto. En este corto per\u00edodo de tiempo, los clientes que completaron la serie completa de m\u00e1s de 10 clases de desarrollo de habilidades ya vieron una mejora cl\u00ednica significativa, y las tasas de depresi\u00f3n y ansiedad disminuyeron significativamente durante el transcurso del tratamiento.<\/p>\n<p>Quiz\u00e1s los impactos se resumen mejor en las palabras de los propios participantes:<\/p>\n<p style=\"padding-left: 40px;\"><em>Este programa me ayud\u00f3 a reducir mi estr\u00e9s, depresi\u00f3n y ansiedad, me ayud\u00f3 a reconocer y descartar pensamientos que no me aportan nada positivo.<\/em><\/p>\n<p style=\"padding-left: 40px;\"><em>Aprend\u00ed a cuidarme mejor, a valorarme y a ser buena con los dem\u00e1s. Aprend\u00ed estrategias de respiraci\u00f3n que me ayudan cada d\u00eda, y tambi\u00e9n t\u00e9cnicas para gestionar mejor mis pensamientos.<\/em><\/p>\n<p>Adem\u00e1s, los participantes pueden recibir atenci\u00f3n dentro y entre su comunidad de familiaridad, lo que reduce el estigma y genera confianza. Ubicado en entornos familiares, como agencias comunitarias colaborativas sin fines de lucro o comunidades religiosas, Mentes Fuertes mantiene una atm\u00f3sfera comunitaria que fomenta la confianza y el compromiso. Al priorizar la accesibilidad ling\u00fc\u00edstica y la relevancia cultural, el programa garantiza que nadie se quede atr\u00e1s en su viaje hacia la curaci\u00f3n.<\/p>\n<p><strong>Qu\u00e9 puede hacer usted para apoyar los servicios extendidos de salud mental para latinos a trav\u00e9s de trabajadores comunitarios de salud mental culturalmente receptivos<\/strong><\/p>\n<p><a href=\"https:\/\/www.newsobserver.com\/article275479516.html\">Los enfoques de promoci\u00f3n colaborativa<\/a> que involucran a proveedores de salud mental, administradores locales de Medicaid, l\u00edderes de comunidades religiosas y l\u00edderes de comunidades latinas pueden dar como resultado agendas compartidas y compromisos m\u00e1s s\u00f3lidos para soluciones efectivas para las disparidades en salud mental.<br \/>Los trabajadores comunitarios de salud mental de la comunidad local pueden ser la voz m\u00e1s fuerte de consuelo y aliento para las personas latinas que temen buscar apoyo. Proporcionar plataformas para que los trabajadores comunitarios de salud mental compartan sus experiencias y conocimientos con el p\u00fablico y garantizar una compensaci\u00f3n por la representaci\u00f3n en estos \u00e1mbitos.<br \/>Los trabajadores comunitarios de salud mental necesitan capacitaci\u00f3n y apoyo para lograr resultados de salud mental comunitaria y al mismo tiempo mantener su propio bienestar. Aseg\u00farese de considerar el apoyo a la capacitaci\u00f3n, el asesoramiento y el apoyo continuos para reducir el agotamiento entre estos importantes profesionales de la atenci\u00f3n.<br \/>Considere modelos de salud globales como \u201cbancas de amistad\u201d y \u201cpromotoras de salud\u201d al dise\u00f1ar iniciativas comunitarias de trabajadores de salud mental.<br \/>Sigue a El Futuro en las redes sociales y comp\u00e1rtelo en tus redes. (@ElFuturoNC)<\/p>\n<p>El Programa Mentes Fuertes de El Futuro encarna el poder de las soluciones impulsadas por la comunidad en la atenci\u00f3n de la salud mental. A trav\u00e9s de esta iniciativa innovadora, se rompen barreras y se transforman vidas.<\/p>\n<p><a href=\"https:\/\/givingcompass.org\/article\/cultivating-healing-through-community\">Lea este art\u00edculo en Giving Compass<\/a><\/p>\n<p>[\/et_pb_text][\/et_pb_column][\/et_pb_row][\/et_pb_section]<\/p>\n","protected":false},"excerpt":{"rendered":"<p>El programa Mentes Fuertes de El Futuro ofrece salud mental accesible a la comunidad latina de Carolina del NorteEl Futuro, piedra angular del apoyo a la comunidad latina de Carolina del Norte, est\u00e1 a la vanguardia de la defensa de la salud mental. Un elemento central de nuestra misi\u00f3n es Mentes Fuertes, una iniciativa innovadora [&hellip;]<\/p>\n","protected":false},"author":8,"featured_media":15703,"comment_status":"open","ping_status":"open","sticky":false,"template":"","format":"standard","meta":{"_et_pb_use_builder":"on","_et_pb_old_content":"","_et_gb_content_width":"","footnotes":"","_links_to":"","_links_to_target":""},"categories":[32],"tags":[],"class_list":["post-18296","post","type-post","status-publish","format-standard","has-post-thumbnail","hentry","category-news-es"],"_links":{"self":[{"href":"https:\/\/elfuturo-nc.org\/es\/wp-json\/wp\/v2\/posts\/18296","targetHints":{"allow":["GET"]}}],"collection":[{"href":"https:\/\/elfuturo-nc.org\/es\/wp-json\/wp\/v2\/posts"}],"about":[{"href":"https:\/\/elfuturo-nc.org\/es\/wp-json\/wp\/v2\/types\/post"}],"author":[{"embeddable":true,"href":"https:\/\/elfuturo-nc.org\/es\/wp-json\/wp\/v2\/users\/8"}],"replies":[{"embeddable":true,"href":"https:\/\/elfuturo-nc.org\/es\/wp-json\/wp\/v2\/comments?post=18296"}],"version-history":[{"count":0,"href":"https:\/\/elfuturo-nc.org\/es\/wp-json\/wp\/v2\/posts\/18296\/revisions"}],"wp:featuredmedia":[{"embeddable":true,"href":"https:\/\/elfuturo-nc.org\/es\/wp-json\/wp\/v2\/media\/15703"}],"wp:attachment":[{"href":"https:\/\/elfuturo-nc.org\/es\/wp-json\/wp\/v2\/media?parent=18296"}],"wp:term":[{"taxonomy":"category","embeddable":true,"href":"https:\/\/elfuturo-nc.org\/es\/wp-json\/wp\/v2\/categories?post=18296"},{"taxonomy":"post_tag","embeddable":true,"href":"https:\/\/elfuturo-nc.org\/es\/wp-json\/wp\/v2\/tags?post=18296"}],"curies":[{"name":"wp","href":"https:\/\/api.w.org\/{rel}","templated":true}]}}