{"id":1864,"date":"2019-02-27T15:37:57","date_gmt":"2019-02-27T20:37:57","guid":{"rendered":"http:\/\/old-bagel.flywheelsites.com\/nuestra-oficina-en-siler-city-se-esta-mudando\/"},"modified":"2019-02-27T15:37:57","modified_gmt":"2019-02-27T20:37:57","slug":"nuestra-oficina-en-siler-city-se-esta-mudando","status":"publish","type":"post","link":"https:\/\/elfuturo-nc.org\/es\/nuestra-oficina-en-siler-city-se-esta-mudando\/","title":{"rendered":"Nuestra oficina en Siler City se est\u00e1 mudando"},"content":{"rendered":"<p>Nuestra oficina en Siler City se est\u00e1 mudando a 401-B N. Ivey Avenue, Siler City NC 27344.<\/p>\n<p>Este cambio ofrecer\u00e1 un espacio m\u00e1s acogedor para nuestros clientes y estamos muy emocionados de poder abrirlo a la comunidad el 4 de marzo. Lea m\u00e1s en el documento a continuaci\u00f3n y, como siempre, puede comunicarse con nosotros al (919) 688 -7101.<\/p>\n<p><img loading=\"lazy\" decoding=\"async\" class=\" wp-image-1805 aligncenter\" src=\"https:\/\/elfuturo-nc.org\/wp-content\/uploads\/2019\/02\/SC-Moving-postcard-300x232.png\" alt=\"\" width=\"398\" height=\"308\" srcset=\"https:\/\/elfuturo-nc.org\/wp-content\/uploads\/2019\/02\/SC-Moving-postcard-300x232.png 300w, https:\/\/elfuturo-nc.org\/wp-content\/uploads\/2019\/02\/SC-Moving-postcard.png 528w\" sizes=\"auto, (max-width: 398px) 100vw, 398px\" \/><\/p>\n","protected":false},"excerpt":{"rendered":"<p>Nuestra oficina en Siler City se est\u00e1 mudando a 401-B N. Ivey Avenue, Siler City NC 27344. Este cambio ofrecer\u00e1 un espacio m\u00e1s acogedor para nuestros clientes y estamos muy emocionados de poder abrirlo a la comunidad el 4 de marzo. Lea m\u00e1s en el documento a continuaci\u00f3n y, como siempre, puede comunicarse con nosotros [&hellip;]<\/p>\n","protected":false},"author":4,"featured_media":1016,"comment_status":"open","ping_status":"open","sticky":false,"template":"","format":"standard","meta":{"_et_pb_use_builder":"","_et_pb_old_content":"","_et_gb_content_width":"","footnotes":"","_links_to":"","_links_to_target":""},"categories":[11],"tags":[],"class_list":["post-1864","post","type-post","status-publish","format-standard","has-post-thumbnail","hentry","category-sin-categorizar"],"_links":{"self":[{"href":"https:\/\/elfuturo-nc.org\/es\/wp-json\/wp\/v2\/posts\/1864","targetHints":{"allow":["GET"]}}],"collection":[{"href":"https:\/\/elfuturo-nc.org\/es\/wp-json\/wp\/v2\/posts"}],"about":[{"href":"https:\/\/elfuturo-nc.org\/es\/wp-json\/wp\/v2\/types\/post"}],"author":[{"embeddable":true,"href":"https:\/\/elfuturo-nc.org\/es\/wp-json\/wp\/v2\/users\/4"}],"replies":[{"embeddable":true,"href":"https:\/\/elfuturo-nc.org\/es\/wp-json\/wp\/v2\/comments?post=1864"}],"version-history":[{"count":0,"href":"https:\/\/elfuturo-nc.org\/es\/wp-json\/wp\/v2\/posts\/1864\/revisions"}],"wp:featuredmedia":[{"embeddable":true,"href":"https:\/\/elfuturo-nc.org\/es\/wp-json\/wp\/v2\/media\/1016"}],"wp:attachment":[{"href":"https:\/\/elfuturo-nc.org\/es\/wp-json\/wp\/v2\/media?parent=1864"}],"wp:term":[{"taxonomy":"category","embeddable":true,"href":"https:\/\/elfuturo-nc.org\/es\/wp-json\/wp\/v2\/categories?post=1864"},{"taxonomy":"post_tag","embeddable":true,"href":"https:\/\/elfuturo-nc.org\/es\/wp-json\/wp\/v2\/tags?post=1864"}],"curies":[{"name":"wp","href":"https:\/\/api.w.org\/{rel}","templated":true}]}}