{"id":18927,"date":"2024-09-20T10:09:26","date_gmt":"2024-09-20T14:09:26","guid":{"rendered":"https:\/\/elfuturo-nc.org\/lazos-fuertes-ni-que-aqui-ni-de-alla\/"},"modified":"2024-09-20T10:09:44","modified_gmt":"2024-09-20T14:09:44","slug":"lazos-fuertes-ni-que-aqui-ni-de-alla","status":"publish","type":"post","link":"https:\/\/elfuturo-nc.org\/es\/lazos-fuertes-ni-que-aqui-ni-de-alla\/","title":{"rendered":"Lazos Fuertes: &#8220;Ni que aqu\u00ed, ni de all\u00e1&#8221;"},"content":{"rendered":"<p>[et_pb_section fb_built=&#8221;1&#8243; admin_label=&#8221;section&#8221; _builder_version=&#8221;4.16&#8243; global_colors_info=&#8221;{}&#8221;][et_pb_row admin_label=&#8221;row&#8221; _builder_version=&#8221;4.16&#8243; background_size=&#8221;initial&#8221; background_position=&#8221;top_left&#8221; background_repeat=&#8221;repeat&#8221; global_colors_info=&#8221;{}&#8221;][et_pb_column type=&#8221;4_4&#8243; _builder_version=&#8221;4.16&#8243; custom_padding=&#8221;|||&#8221; global_colors_info=&#8221;{}&#8221; custom_padding__hover=&#8221;|||&#8221;][et_pb_text admin_label=&#8221;Text&#8221; _builder_version=&#8221;4.24.2&#8243; background_size=&#8221;initial&#8221; background_position=&#8221;top_left&#8221; background_repeat=&#8221;repeat&#8221; global_colors_info=&#8221;{}&#8221;]<\/p>\n<p><span class=\"ui-provider a b c d e f g h i j k l m n o p q r s t u v w x y z ab ac ae af ag ah ai aj ak\" dir=\"ltr\">La terapeuta de El Futuro, Rachel Siegel y la experta invitada, Mary Jones, Directora de Atenci\u00f3n y Compromiso con el Cliente, hablan sobre la complejidad de la identidad cultural de nuestros j\u00f3venes. Este taller demuestra la importancia de ayudarlos a equilibrar las ra\u00edces culturales tradicionales y la necesidad de conocer este nuevo mundo. Nuestros hijos exploran el mundo y sus identidades entre dos culturas, por eso es importante permitir esa exploraci\u00f3n con consciencia. Es necesario recordarles que tienen muchas ventajas al ser biculturales. Cambiemos el dicho de Ni de aqu\u00ed, ni de all\u00e1 a: SOY de aqu\u00ed y SOY de all\u00e1.<\/span><\/p>\n<p>[\/et_pb_text][et_pb_video src=&#8221;https:\/\/youtu.be\/is6bmgKFnac&#8221; _builder_version=&#8221;4.24.2&#8243; _module_preset=&#8221;default&#8221; global_colors_info=&#8221;{}&#8221;][\/et_pb_video][\/et_pb_column][\/et_pb_row][\/et_pb_section]<\/p>\n","protected":false},"excerpt":{"rendered":"<p>La terapeuta de El Futuro, Rachel Siegel y la experta invitada, Mary Jones, Directora de Atenci\u00f3n y Compromiso con el Cliente, hablan sobre la complejidad de la identidad cultural de nuestros j\u00f3venes. Este taller demuestra la importancia de ayudarlos a equilibrar las ra\u00edces culturales tradicionales y la necesidad de conocer este nuevo mundo. Nuestros hijos [&hellip;]<\/p>\n","protected":false},"author":8,"featured_media":18925,"comment_status":"open","ping_status":"open","sticky":false,"template":"","format":"standard","meta":{"_et_pb_use_builder":"on","_et_pb_old_content":"","_et_gb_content_width":"","footnotes":"","_links_to":"","_links_to_target":""},"categories":[54,52],"tags":[],"class_list":["post-18927","post","type-post","status-publish","format-standard","has-post-thumbnail","hentry","category-lazos-fuertes-es","category-resource-es"],"_links":{"self":[{"href":"https:\/\/elfuturo-nc.org\/es\/wp-json\/wp\/v2\/posts\/18927","targetHints":{"allow":["GET"]}}],"collection":[{"href":"https:\/\/elfuturo-nc.org\/es\/wp-json\/wp\/v2\/posts"}],"about":[{"href":"https:\/\/elfuturo-nc.org\/es\/wp-json\/wp\/v2\/types\/post"}],"author":[{"embeddable":true,"href":"https:\/\/elfuturo-nc.org\/es\/wp-json\/wp\/v2\/users\/8"}],"replies":[{"embeddable":true,"href":"https:\/\/elfuturo-nc.org\/es\/wp-json\/wp\/v2\/comments?post=18927"}],"version-history":[{"count":0,"href":"https:\/\/elfuturo-nc.org\/es\/wp-json\/wp\/v2\/posts\/18927\/revisions"}],"wp:featuredmedia":[{"embeddable":true,"href":"https:\/\/elfuturo-nc.org\/es\/wp-json\/wp\/v2\/media\/18925"}],"wp:attachment":[{"href":"https:\/\/elfuturo-nc.org\/es\/wp-json\/wp\/v2\/media?parent=18927"}],"wp:term":[{"taxonomy":"category","embeddable":true,"href":"https:\/\/elfuturo-nc.org\/es\/wp-json\/wp\/v2\/categories?post=18927"},{"taxonomy":"post_tag","embeddable":true,"href":"https:\/\/elfuturo-nc.org\/es\/wp-json\/wp\/v2\/tags?post=18927"}],"curies":[{"name":"wp","href":"https:\/\/api.w.org\/{rel}","templated":true}]}}