{"id":21815,"date":"2025-09-12T10:29:30","date_gmt":"2025-09-12T14:29:30","guid":{"rendered":"https:\/\/elfuturo-nc.org\/recursos-para-la-salud-mental-de-los-jovenes\/"},"modified":"2025-09-12T10:29:53","modified_gmt":"2025-09-12T14:29:53","slug":"recursos-para-la-salud-mental-de-los-jovenes","status":"publish","type":"post","link":"https:\/\/elfuturo-nc.org\/es\/recursos-para-la-salud-mental-de-los-jovenes\/","title":{"rendered":"Recursos para la salud mental de los j\u00f3venes"},"content":{"rendered":"<p>[et_pb_section fb_built=&#8221;1&#8243; admin_label=&#8221;Section&#8221; _builder_version=&#8221;4.24.2&#8243; _module_preset=&#8221;default&#8221; global_colors_info=&#8221;{}&#8221;][et_pb_row _builder_version=&#8221;4.24.2&#8243; _module_preset=&#8221;default&#8221; global_colors_info=&#8221;{}&#8221;][et_pb_column type=&#8221;4_4&#8243; _builder_version=&#8221;4.24.2&#8243; _module_preset=&#8221;default&#8221; global_colors_info=&#8221;{}&#8221;][et_pb_text _builder_version=&#8221;4.24.2&#8243; _module_preset=&#8221;default&#8221; link_font=&#8221;||||on||||&#8221; global_colors_info=&#8221;{}&#8221;]<\/p>\n<p>El Futuro, en colaboraci\u00f3n con el Instituto de Investigaci\u00f3n de Resultados Centrados en el Paciente (PCORI\u00ae), ha lanzado Mi Voz, Nuestra Salud, un estudio pionero que amplifica las voces de las familias y j\u00f3venes latinos en Carolina del Norte.<\/p>\n<p><\/p>\n<p>Durante 18 meses, 19 miembros de la comunidad \u2014incluyendo adolescentes, padres, promotores de salud comunitarios y l\u00edderes\u2014 se reunieron para identificar las necesidades de los adolescentes latinos para prosperar. Su mensaje fue claro: una comunicaci\u00f3n m\u00e1s s\u00f3lida entre padres e hijos, herramientas pr\u00e1cticas de afrontamiento y apoyo con ra\u00edces culturales, brindado por promotores de salud comunitarios de confianza.<\/p>\n<p><\/p>\n<p>Con el 40% de los adolescentes latinos en todo el pa\u00eds reportando s\u00edntomas de depresi\u00f3n, estos hallazgos apuntan a soluciones urgentes que los donantes y socios pueden ayudar a hacer realidad. Lea m\u00e1s detalles aqu\u00ed.<\/p>\n<p>[\/et_pb_text][\/et_pb_column][\/et_pb_row][et_pb_row _builder_version=&#8221;4.24.2&#8243; _module_preset=&#8221;default&#8221; global_colors_info=&#8221;{}&#8221;][et_pb_column type=&#8221;4_4&#8243; _builder_version=&#8221;4.24.2&#8243; _module_preset=&#8221;default&#8221; global_colors_info=&#8221;{}&#8221;][et_pb_text _builder_version=&#8221;4.24.2&#8243; _module_preset=&#8221;default&#8221; global_colors_info=&#8221;{}&#8221;]<\/p>\n<h3 style=\"text-align: center;\">Comienza la conversaci\u00f3n<\/h3>\n<p>[\/et_pb_text][\/et_pb_column][\/et_pb_row][et_pb_row column_structure=&#8221;1_2,1_2&#8243; _builder_version=&#8221;4.24.2&#8243; _module_preset=&#8221;default&#8221; global_colors_info=&#8221;{}&#8221;][et_pb_column type=&#8221;1_2&#8243; _builder_version=&#8221;4.24.2&#8243; _module_preset=&#8221;default&#8221; global_colors_info=&#8221;{}&#8221;][et_pb_image src=&#8221;https:\/\/elfuturo-nc.org\/wp-content\/uploads\/2025\/09\/Screenshot-2025-09-03-at-3.16.37-PM.png&#8221; title_text=&#8221;Screenshot 2025-09-03 at 3.16.37\u202fPM&#8221; _builder_version=&#8221;4.24.2&#8243; _module_preset=&#8221;default&#8221; global_colors_info=&#8221;{}&#8221;][\/et_pb_image][\/et_pb_column][et_pb_column type=&#8221;1_2&#8243; _builder_version=&#8221;4.24.2&#8243; _module_preset=&#8221;default&#8221; global_colors_info=&#8221;{}&#8221;][et_pb_image src=&#8221;https:\/\/elfuturo-nc.org\/wp-content\/uploads\/2025\/09\/Screenshot-2025-09-03-at-3.16.43-PM.png&#8221; title_text=&#8221;Screenshot 2025-09-03 at 3.16.43\u202fPM&#8221; _builder_version=&#8221;4.24.2&#8243; _module_preset=&#8221;default&#8221; global_colors_info=&#8221;{}&#8221;][\/et_pb_image][\/et_pb_column][\/et_pb_row][\/et_pb_section]<\/p>\n","protected":false},"excerpt":{"rendered":"<p>El Futuro, en colaboraci\u00f3n con el Instituto de Investigaci\u00f3n de Resultados Centrados en el Paciente (PCORI\u00ae), ha lanzado Mi Voz, Nuestra Salud, un estudio pionero que amplifica las voces de las familias y j\u00f3venes latinos en Carolina del Norte.Durante 18 meses, 19 miembros de la comunidad \u2014incluyendo adolescentes, padres, promotores de salud comunitarios y l\u00edderes\u2014 [&hellip;]<\/p>\n","protected":false},"author":8,"featured_media":21782,"comment_status":"open","ping_status":"open","sticky":false,"template":"","format":"standard","meta":{"_et_pb_use_builder":"on","_et_pb_old_content":"","_et_gb_content_width":"","footnotes":"","_links_to":"","_links_to_target":""},"categories":[54,52],"tags":[],"class_list":["post-21815","post","type-post","status-publish","format-standard","has-post-thumbnail","hentry","category-lazos-fuertes-es","category-resource-es"],"_links":{"self":[{"href":"https:\/\/elfuturo-nc.org\/es\/wp-json\/wp\/v2\/posts\/21815","targetHints":{"allow":["GET"]}}],"collection":[{"href":"https:\/\/elfuturo-nc.org\/es\/wp-json\/wp\/v2\/posts"}],"about":[{"href":"https:\/\/elfuturo-nc.org\/es\/wp-json\/wp\/v2\/types\/post"}],"author":[{"embeddable":true,"href":"https:\/\/elfuturo-nc.org\/es\/wp-json\/wp\/v2\/users\/8"}],"replies":[{"embeddable":true,"href":"https:\/\/elfuturo-nc.org\/es\/wp-json\/wp\/v2\/comments?post=21815"}],"version-history":[{"count":0,"href":"https:\/\/elfuturo-nc.org\/es\/wp-json\/wp\/v2\/posts\/21815\/revisions"}],"wp:featuredmedia":[{"embeddable":true,"href":"https:\/\/elfuturo-nc.org\/es\/wp-json\/wp\/v2\/media\/21782"}],"wp:attachment":[{"href":"https:\/\/elfuturo-nc.org\/es\/wp-json\/wp\/v2\/media?parent=21815"}],"wp:term":[{"taxonomy":"category","embeddable":true,"href":"https:\/\/elfuturo-nc.org\/es\/wp-json\/wp\/v2\/categories?post=21815"},{"taxonomy":"post_tag","embeddable":true,"href":"https:\/\/elfuturo-nc.org\/es\/wp-json\/wp\/v2\/tags?post=21815"}],"curies":[{"name":"wp","href":"https:\/\/api.w.org\/{rel}","templated":true}]}}