{"id":22436,"date":"2025-12-16T15:26:49","date_gmt":"2025-12-16T20:26:49","guid":{"rendered":"https:\/\/elfuturo-nc.org\/una-noche-de-calor-humano-las-posadas-de-el-futuro\/"},"modified":"2025-12-16T15:35:50","modified_gmt":"2025-12-16T20:35:50","slug":"una-noche-de-calor-humano-las-posadas-de-el-futuro","status":"publish","type":"post","link":"https:\/\/elfuturo-nc.org\/es\/una-noche-de-calor-humano-las-posadas-de-el-futuro\/","title":{"rendered":"Una noche de Calor Humano: Las Posadas de El Futuro"},"content":{"rendered":"<p>[et_pb_section fb_built=&#8221;1&#8243; _builder_version=&#8221;4.24.2&#8243; _module_preset=&#8221;default&#8221; global_colors_info=&#8221;{}&#8221;][et_pb_row _builder_version=&#8221;4.19.1&#8243; background_size=&#8221;initial&#8221; background_position=&#8221;top_left&#8221; background_repeat=&#8221;repeat&#8221; custom_padding=&#8221;0px||0px&#8221; border_color_all=&#8221;RGBA(0,0,0,0)&#8221; border_style_all=&#8221;none&#8221; border_width_bottom=&#8221;4px&#8221; border_color_bottom=&#8221;#FCB614&#8243; locked=&#8221;off&#8221; global_colors_info=&#8221;{}&#8221;][et_pb_column type=&#8221;4_4&#8243; _builder_version=&#8221;4.16&#8243; custom_padding=&#8221;|||&#8221; global_colors_info=&#8221;{}&#8221; custom_padding__hover=&#8221;|||&#8221;][et_pb_text _builder_version=&#8221;4.24.2&#8243; _module_preset=&#8221;default&#8221; link_font=&#8221;||||on||||&#8221; hover_enabled=&#8221;0&#8243; global_colors_info=&#8221;{}&#8221; sticky_enabled=&#8221;0&#8243;]<\/p>\n<p><img loading=\"lazy\" decoding=\"async\" class=\"wp-image-22411 alignleft \" src=\"https:\/\/elfuturo-nc.org\/wp-content\/uploads\/2025\/12\/20251215_183459-1024x768.jpg\" alt=\"\" width=\"413\" height=\"310\" \/><\/p>\n<p><\/p>\n<p>La noche del 15 de diciembre, nuestra comunidad de El Futuro se reuni\u00f3 para Las Posadas, y lo que sucedi\u00f3 fue mucho m\u00e1s que un simple evento. Fue un recordatorio de qui\u00e9nes somos y de lo profundamente que nos pertenecemos los unos a los otros.<\/p>\n<p><\/p>\n<p>Hac\u00eda fr\u00edo, pero las familias comenzaron a hacer fila mucho antes del inicio del evento, extendi\u00e9ndose desde El Futuro hasta nuestra Cl\u00ednica Lincoln. Los padres llegaron de la mano con sus hijos. Los voluntarios llegaron temprano y se quedaron hasta tarde. Miembros de la junta directiva, donantes, iglesias, socios y miembros de la comunidad permanecieron unidos por un compromiso compartido: asegurar que nuestras familias se sintieran atendidas, cuidadas y celebradas.<\/p>\n<p><\/p>\n<p>Esta ha sido una temporada dif\u00edcil para muchos en nuestra comunidad. Un tiempo marcado por el miedo, la incertidumbre y la escasez. Y aun as\u00ed, cientos de familias acudieron. Aun as\u00ed, docenas de voluntarios ofrecieron su tiempo, energ\u00eda y alegr\u00eda. Aun as\u00ed, nuestra comunidad eligi\u00f3 la conexi\u00f3n en lugar del aislamiento.<\/p>\n<p><\/p>\n<p>Lo que presenciamos fue generosidad en acci\u00f3n.<\/p>\n<p><\/p>\n<p>Vimos trabajo en equipo en todos los departamentos y roles. Vimos a gente involucrarse dondequiera que se necesitara: ofreciendo champurrado caliente a las familias que esperaban en el fr\u00edo, ayudando a los ni\u00f1os con las actividades, apoyando la inscripci\u00f3n y asegur\u00e1ndose de que cada detalle reflejara dignidad y cuidado. Vimos liderazgo, flexibilidad y coraz\u00f3n.<\/p>\n<p><\/p>\n<p>Esta reuni\u00f3n comenz\u00f3 como un sue\u00f1o compartido: asegurar que las familias no pasaran hambre y pudieran disfrutar de la alegr\u00eda durante las fiestas. Con el liderazgo de los l\u00edderes comunitarios, el apoyo de socios y patrocinadores, y la dedicaci\u00f3n de innumerables voluntarios y donantes, ese sue\u00f1o se convirti\u00f3 en algo poderoso. Se sinti\u00f3 amor. Se restaur\u00f3 la esperanza.<\/p>\n<p><\/p>\n<p>Las Posadas nos recordaron que El Futuro no es solo un lugar, es una relaci\u00f3n. Un hermoso v\u00ednculo entre nuestra organizaci\u00f3n y la comunidad a la que servimos, basado en la confianza, la solidaridad y el cuidado mutuo.<\/p>\n<p><\/p>\n<p>A todos los que planearon, donaron, se ofrecieron como voluntarios, cocinaron, decoraron, compartieron recursos, difundieron la noticia, trajeron a sus seres queridos o simplemente estuvieron presentes: gracias. Hicieron posible esta noche. Llevaron sonrisas a los ni\u00f1os. Crearon calidez en el fr\u00edo.<\/p>\n<p><\/p>\n<p>Mil gracias a todos. El Futuro estuvo presente para nuestra comunidad, y una vez m\u00e1s, nuestra comunidad estuvo presente para El Futuro.<\/p>\n<p><\/p>\n<p>Un agradecimiento especial a nuestros patrocinadores, Castillo Immigration Law y Latino Servi-Tax, por su apoyo y contribuci\u00f3n para hacer de este evento algo inolvidable para nuestra comunidad.<\/p>\n<p>[\/et_pb_text][\/et_pb_column][\/et_pb_row][et_pb_row _builder_version=&#8221;4.24.2&#8243; _module_preset=&#8221;default&#8221; global_colors_info=&#8221;{}&#8221;][et_pb_column type=&#8221;4_4&#8243; _builder_version=&#8221;4.24.2&#8243; _module_preset=&#8221;default&#8221; global_colors_info=&#8221;{}&#8221;]<\/p>\n<p>[et_pb_divider show_divider=&#8221;off&#8221; _builder_version=&#8221;4.24.2&#8243; _module_preset=&#8221;default&#8221; global_colors_info=&#8221;{}&#8221; theme_builder_area=&#8221;post_content&#8221;][\/et_pb_divider][et_pb_gallery gallery_ids=&#8221;22424,22420,22418,22400,22402,22404,22406,22408,22410,22412,22416,22394,22384,22382,22368,22366,22370,22376&#8243; show_title_and_caption=&#8221;off&#8221; _builder_version=&#8221;4.24.2&#8243; _module_preset=&#8221;default&#8221; hover_enabled=&#8221;0&#8243; global_colors_info=&#8221;{}&#8221; theme_builder_area=&#8221;post_content&#8221; sticky_enabled=&#8221;0&#8243;][\/et_pb_gallery]<\/p>\n<p>[\/et_pb_column][\/et_pb_row][\/et_pb_section]<\/p>\n","protected":false},"excerpt":{"rendered":"<p>La noche del 15 de diciembre, nuestra comunidad de El Futuro se reuni\u00f3 para Las Posadas, y lo que sucedi\u00f3 fue mucho m\u00e1s que un simple evento. Fue un recordatorio de qui\u00e9nes somos y de lo profundamente que nos pertenecemos los unos a los otros.Hac\u00eda fr\u00edo, pero las familias comenzaron a hacer fila mucho antes [&hellip;]<\/p>\n","protected":false},"author":8,"featured_media":22370,"comment_status":"open","ping_status":"open","sticky":false,"template":"","format":"standard","meta":{"_et_pb_use_builder":"on","_et_pb_old_content":"","_et_gb_content_width":"","footnotes":"","_links_to":"","_links_to_target":""},"categories":[32],"tags":[],"class_list":["post-22436","post","type-post","status-publish","format-standard","has-post-thumbnail","hentry","category-news-es"],"_links":{"self":[{"href":"https:\/\/elfuturo-nc.org\/es\/wp-json\/wp\/v2\/posts\/22436","targetHints":{"allow":["GET"]}}],"collection":[{"href":"https:\/\/elfuturo-nc.org\/es\/wp-json\/wp\/v2\/posts"}],"about":[{"href":"https:\/\/elfuturo-nc.org\/es\/wp-json\/wp\/v2\/types\/post"}],"author":[{"embeddable":true,"href":"https:\/\/elfuturo-nc.org\/es\/wp-json\/wp\/v2\/users\/8"}],"replies":[{"embeddable":true,"href":"https:\/\/elfuturo-nc.org\/es\/wp-json\/wp\/v2\/comments?post=22436"}],"version-history":[{"count":0,"href":"https:\/\/elfuturo-nc.org\/es\/wp-json\/wp\/v2\/posts\/22436\/revisions"}],"wp:featuredmedia":[{"embeddable":true,"href":"https:\/\/elfuturo-nc.org\/es\/wp-json\/wp\/v2\/media\/22370"}],"wp:attachment":[{"href":"https:\/\/elfuturo-nc.org\/es\/wp-json\/wp\/v2\/media?parent=22436"}],"wp:term":[{"taxonomy":"category","embeddable":true,"href":"https:\/\/elfuturo-nc.org\/es\/wp-json\/wp\/v2\/categories?post=22436"},{"taxonomy":"post_tag","embeddable":true,"href":"https:\/\/elfuturo-nc.org\/es\/wp-json\/wp\/v2\/tags?post=22436"}],"curies":[{"name":"wp","href":"https:\/\/api.w.org\/{rel}","templated":true}]}}