{"id":22663,"date":"2026-01-28T15:28:44","date_gmt":"2026-01-28T20:28:44","guid":{"rendered":"https:\/\/elfuturo-nc.org\/lazos-fuertes-crianza-fe-y-bienestar-emocional\/"},"modified":"2026-03-12T12:18:36","modified_gmt":"2026-03-12T16:18:36","slug":"lazos-fuertes-crianza-fe-y-bienestar-emocional","status":"publish","type":"post","link":"https:\/\/elfuturo-nc.org\/es\/lazos-fuertes-crianza-fe-y-bienestar-emocional\/","title":{"rendered":"Lazos Fuertes: Crianza, Fe y Bienestar Emocional"},"content":{"rendered":"<p>[et_pb_section fb_built=&#8221;1&#8243; admin_label=&#8221;section&#8221; _builder_version=&#8221;4.16&#8243; global_colors_info=&#8221;{}&#8221;][et_pb_row admin_label=&#8221;row&#8221; _builder_version=&#8221;4.16&#8243; background_size=&#8221;initial&#8221; background_position=&#8221;top_left&#8221; background_repeat=&#8221;repeat&#8221; global_colors_info=&#8221;{}&#8221;][et_pb_column type=&#8221;4_4&#8243; _builder_version=&#8221;4.16&#8243; custom_padding=&#8221;|||&#8221; global_colors_info=&#8221;{}&#8221; custom_padding__hover=&#8221;|||&#8221;][et_pb_text admin_label=&#8221;Text&#8221; _builder_version=&#8221;4.24.2&#8243; background_size=&#8221;initial&#8221; background_position=&#8221;top_left&#8221; background_repeat=&#8221;repeat&#8221; global_colors_info=&#8221;{}&#8221;]<\/p>\n<div class=\"elementToProof\">En este taller aprender\u00e1 c\u00f3mo la fe puede ser una fuente de apoyo en la salud mental de los j\u00f3venes. Conversaremos sobre herramientas pr\u00e1cticas para acompa\u00f1ar<br \/>con empat\u00eda, respeto y esperanza.<\/div>\n<p><\/p>\n<div>\u00a0<\/div>\n<p><\/p>\n<div>In this workshop, you will learn how faith can be a source of support for young people&#8217;s mental health. We will discuss practical tools for providing support with empathy, respect, and hope.<\/div>\n<p>[\/et_pb_text][et_pb_video src=&#8221;https:\/\/youtu.be\/Uqn7lifc0s8&#8243; _builder_version=&#8221;4.24.2&#8243; _module_preset=&#8221;default&#8221; global_colors_info=&#8221;{}&#8221;][\/et_pb_video][\/et_pb_column][\/et_pb_row][\/et_pb_section]<\/p>\n","protected":false},"excerpt":{"rendered":"<p>En este taller aprender\u00e1 c\u00f3mo la fe puede ser una fuente de apoyo en la salud mental de los j\u00f3venes. Conversaremos sobre herramientas pr\u00e1cticas para acompa\u00f1arcon empat\u00eda, respeto y esperanza.\u00a0In this workshop, you will learn how faith can be a source of support for young people&#8217;s mental health. We will discuss practical tools for providing [&hellip;]<\/p>\n","protected":false},"author":8,"featured_media":22661,"comment_status":"open","ping_status":"open","sticky":false,"template":"","format":"standard","meta":{"_et_pb_use_builder":"on","_et_pb_old_content":"","_et_gb_content_width":"","footnotes":"","_links_to":"","_links_to_target":""},"categories":[54,52],"tags":[],"class_list":["post-22663","post","type-post","status-publish","format-standard","has-post-thumbnail","hentry","category-lazos-fuertes-es","category-resource-es"],"_links":{"self":[{"href":"https:\/\/elfuturo-nc.org\/es\/wp-json\/wp\/v2\/posts\/22663","targetHints":{"allow":["GET"]}}],"collection":[{"href":"https:\/\/elfuturo-nc.org\/es\/wp-json\/wp\/v2\/posts"}],"about":[{"href":"https:\/\/elfuturo-nc.org\/es\/wp-json\/wp\/v2\/types\/post"}],"author":[{"embeddable":true,"href":"https:\/\/elfuturo-nc.org\/es\/wp-json\/wp\/v2\/users\/8"}],"replies":[{"embeddable":true,"href":"https:\/\/elfuturo-nc.org\/es\/wp-json\/wp\/v2\/comments?post=22663"}],"version-history":[{"count":4,"href":"https:\/\/elfuturo-nc.org\/es\/wp-json\/wp\/v2\/posts\/22663\/revisions"}],"predecessor-version":[{"id":22921,"href":"https:\/\/elfuturo-nc.org\/es\/wp-json\/wp\/v2\/posts\/22663\/revisions\/22921"}],"wp:featuredmedia":[{"embeddable":true,"href":"https:\/\/elfuturo-nc.org\/es\/wp-json\/wp\/v2\/media\/22661"}],"wp:attachment":[{"href":"https:\/\/elfuturo-nc.org\/es\/wp-json\/wp\/v2\/media?parent=22663"}],"wp:term":[{"taxonomy":"category","embeddable":true,"href":"https:\/\/elfuturo-nc.org\/es\/wp-json\/wp\/v2\/categories?post=22663"},{"taxonomy":"post_tag","embeddable":true,"href":"https:\/\/elfuturo-nc.org\/es\/wp-json\/wp\/v2\/tags?post=22663"}],"curies":[{"name":"wp","href":"https:\/\/api.w.org\/{rel}","templated":true}]}}