{"id":23387,"date":"2026-04-28T15:36:41","date_gmt":"2026-04-28T19:36:41","guid":{"rendered":"https:\/\/elfuturo-nc.org\/apoyo-a-defensores-floreciendo-juntos\/"},"modified":"2026-04-28T15:36:58","modified_gmt":"2026-04-28T19:36:58","slug":"apoyo-a-defensores-floreciendo-juntos","status":"publish","type":"post","link":"https:\/\/elfuturo-nc.org\/es\/apoyo-a-defensores-floreciendo-juntos\/","title":{"rendered":"Apoyo a defensores: Floreciendo juntos"},"content":{"rendered":"<p>[et_pb_section fb_built=&#8221;1&#8243; _builder_version=&#8221;4.24.2&#8243; _module_preset=&#8221;default&#8221; link_option_url=&#8221;Healing Through Culture: From Global Strategy to Community Practice&#8221; collapsed=&#8221;off&#8221; global_colors_info=&#8221;{}&#8221;][et_pb_row _builder_version=&#8221;4.24.2&#8243; _module_preset=&#8221;default&#8221; global_colors_info=&#8221;{}&#8221;][et_pb_column type=&#8221;4_4&#8243; _builder_version=&#8221;4.24.2&#8243; _module_preset=&#8221;default&#8221; global_colors_info=&#8221;{}&#8221;][et_pb_text _builder_version=&#8221;4.24.2&#8243; _module_preset=&#8221;default&#8221; global_colors_info=&#8221;{}&#8221;]<\/p>\n<p>Este mes de mayo, est\u00e1s ayudando a que nuestra comunidad se fortalezca a trav\u00e9s de la conexi\u00f3n, la cultura y el poder sanador de la naturaleza. Como defensor de nuestra causa, eres una parte esencial de *Blooming Together*, transformando tu pasi\u00f3n en acci\u00f3n e invitando a otros a formar parte de algo significativo.<\/p>\n<p><\/p>\n<p>Esta es tu base de operaciones para el \u00e9xito. Aqu\u00ed encontrar\u00e1s consejos sencillos, herramientas e inspiraci\u00f3n para ayudarte a compartir tu historia, llegar a tu red de contactos y ampliar tu impacto. Cada mensaje que env\u00edas, cada publicaci\u00f3n que compartes y cada conversaci\u00f3n que inicias contribuye a cultivar un espacio donde la sanaci\u00f3n pueda echar ra\u00edces.<\/p>\n<p><\/p>\n<p>Juntos, estamos nutriendo mucho m\u00e1s que un jard\u00edn: estamos haciendo crecer una comunidad m\u00e1s sana y conectada.<\/p>\n<p>[\/et_pb_text][\/et_pb_column][\/et_pb_row][et_pb_row _builder_version=&#8221;4.24.2&#8243; _module_preset=&#8221;default&#8221; global_colors_info=&#8221;{}&#8221;][et_pb_column type=&#8221;4_4&#8243; _builder_version=&#8221;4.24.2&#8243; _module_preset=&#8221;default&#8221; global_colors_info=&#8221;{}&#8221;][et_pb_text _builder_version=&#8221;4.24.2&#8243; _module_preset=&#8221;default&#8221; global_colors_info=&#8221;{}&#8221;]<\/p>\n<h3 style=\"text-align: center;\">C\u00f3mo hacer <em>florecer<\/em> tu p\u00e1gina de recaudaci\u00f3n de fondos<\/h3>\n<p>[\/et_pb_text][et_pb_slider _builder_version=&#8221;4.24.2&#8243; _module_preset=&#8221;default&#8221; background_enable_image=&#8221;off&#8221; text_orientation=&#8221;left&#8221; locked=&#8221;off&#8221; global_colors_info=&#8221;{}&#8221;][et_pb_slide heading=&#8221;Paso 1: Inspirarnos juntos&#8221; use_bg_overlay=&#8221;off&#8221; use_text_overlay=&#8221;on&#8221; text_overlay_color=&#8221;rgba(43,43,43,0.51)&#8221; text_border_radius=&#8221;10px&#8221; _builder_version=&#8221;4.24.2&#8243; _module_preset=&#8221;default&#8221; background_color=&#8221;RGBA(0,0,0,0)&#8221; background_enable_color=&#8221;on&#8221; background_image=&#8221;https:\/\/elfuturo-nc.org\/wp-content\/uploads\/2026\/04\/Imagen-1-Blooming.png&#8221; background_enable_image=&#8221;on&#8221; background_blend=&#8221;darken&#8221; text_orientation=&#8221;center&#8221; link_option_url_new_window=&#8221;on&#8221; locked=&#8221;off&#8221; global_colors_info=&#8221;{}&#8221; sticky_transition=&#8221;on&#8221;]<\/p>\n<h4 style=\"text-align: center;\">La visi\u00f3n de El Futuro: Sanar en comunidad, arraigados en el cuidado<\/h4>\n<p><\/p>\n<p>La sanaci\u00f3n comienza cuando las personas se sienten vistas, escuchadas y comprendidas. Su apoyo ayuda a mantener y ampliar este espacio vital, haciendo posible que individuos y familias se re\u00fanan al aire libre, encuentren momentos de calma y forjen conexiones significativas. Desde eventos comunitarios hasta momentos de tranquila reflexi\u00f3n, cada donaci\u00f3n crea oportunidades para sanar a trav\u00e9s de la naturaleza.<\/p>\n<p><\/p>\n<p style=\"text-align: left;\"><strong>Qu\u00e9 es el Jardin Terap\u00e9utico?<br \/><\/strong>Click <a href=\"https:\/\/elfuturo-nc.org\/green-space-revitalization-gallery\/\"><strong>Aqu\u00ed <\/strong><\/a>para ver el video<\/p>\n<p><\/p>\n<p style=\"text-align: left;\"><strong>C\u00f3mo est\u00e1n conectados la naturaleza y la salud mental?<br \/><\/strong>Click <a href=\"https:\/\/www.lifeandscience.org\/blog\/ninitos-de-la-naturaleza-brings-nature-to-all\/\"><strong>HERE<\/strong><\/a> para aprender m\u00e1s<\/p>\n<p>[\/et_pb_slide][et_pb_slide heading=&#8221;Paso 2: Compartir juntos&#8221; use_bg_overlay=&#8221;off&#8221; use_text_overlay=&#8221;on&#8221; text_overlay_color=&#8221;rgba(43,43,43,0.51)&#8221; text_border_radius=&#8221;10px&#8221; _builder_version=&#8221;4.24.2&#8243; _module_preset=&#8221;default&#8221; background_color=&#8221;RGBA(0,0,0,0)&#8221; background_enable_color=&#8221;on&#8221; background_image=&#8221;https:\/\/elfuturo-nc.org\/wp-content\/uploads\/2026\/04\/Imagen-2-Blooming.png&#8221; background_enable_image=&#8221;on&#8221; background_blend=&#8221;darken&#8221; text_orientation=&#8221;center&#8221; locked=&#8221;off&#8221; global_colors_info=&#8221;{}&#8221; sticky_transition=&#8221;on&#8221;]<\/p>\n<p>Ahora que tu p\u00e1gina de recaudaci\u00f3n de fondos personalizada ya est\u00e1 activa, est\u00e1s listo para invitar a tu comunidad a apoyar la campa\u00f1a &#8220;Blooming Together&#8221; de El Futuro. Al comenzar a compartir tu p\u00e1gina \u2014ya sea por correo electr\u00f3nico, mensaje de texto o redes sociales\u2014 utiliza los siguientes puntos para guiar e inspirar tu mensaje:<\/p>\n<p><\/p>\n<p>Deja que tu &#8220;porqu\u00e9&#8221; eche ra\u00edces: Publica un mensaje breve explicando por qu\u00e9 El Futuro y la salud mental son importantes para ti. Las historias personales y las conexiones aut\u00e9nticas motivan a otros a donar.<\/p>\n<p><\/p>\n<ul>\n<li>Haz florecer tu red de contactos: Utiliza el correo electr\u00f3nico, los mensajes de texto y las redes sociales (Facebook, Instagram, LinkedIn) para llegar a tu red de contactos. No temas publicar m\u00e1s de una vez; a menudo, las personas necesitan algunos recordatorios.<\/li>\n<li>Siembra la semilla con una petici\u00f3n clara: Invita a tus amigos y familiares a apoyar tu p\u00e1gina con una cantidad espec\u00edfica, o simplemente p\u00eddeles que donen lo que puedan.<br \/>Celebra cada hito en pleno florecimiento: Comparte actualizaciones cada vez que alcances un hito: \u00a1el 25%, el 50% o tu meta final! Agradece p\u00fablicamente a tus donantes (con su permiso) para generar entusiasmo.<\/li>\n<li>Hagan crecer este movimiento juntos: Anima a tus amigos a convertirse en defensores de la causa o a compartir tu p\u00e1gina dentro de sus propios c\u00edrculos.<\/li>\n<\/ul>\n<p>[\/et_pb_slide][\/et_pb_slider][\/et_pb_column][\/et_pb_row][et_pb_row _builder_version=&#8221;4.24.2&#8243; _module_preset=&#8221;default&#8221; global_colors_info=&#8221;{}&#8221;][et_pb_column type=&#8221;4_4&#8243; _builder_version=&#8221;4.24.2&#8243; _module_preset=&#8221;default&#8221; global_colors_info=&#8221;{}&#8221;][et_pb_video src=&#8221;https:\/\/www.youtube.com\/watch?v=1fQBQM7yiy8&#8243; _builder_version=&#8221;4.24.2&#8243; _module_preset=&#8221;default&#8221; width=&#8221;70%&#8221; max_width=&#8221;70%&#8221; module_alignment=&#8221;center&#8221; global_colors_info=&#8221;{}&#8221;][\/et_pb_video][\/et_pb_column][\/et_pb_row][et_pb_row _builder_version=&#8221;4.24.2&#8243; _module_preset=&#8221;default&#8221; global_colors_info=&#8221;{}&#8221;][et_pb_column type=&#8221;4_4&#8243; _builder_version=&#8221;4.24.2&#8243; _module_preset=&#8221;default&#8221; global_colors_info=&#8221;{}&#8221;][et_pb_text _builder_version=&#8221;4.24.2&#8243; _module_preset=&#8221;default&#8221; global_colors_info=&#8221;{}&#8221;]<\/p>\n<h3 style=\"text-align: center;\">Plantillas de Social Media<\/h3>\n<p>[\/et_pb_text][et_pb_text _builder_version=&#8221;4.24.2&#8243; _module_preset=&#8221;default&#8221; global_colors_info=&#8221;{}&#8221;]<\/p>\n<p>Utiliza estas plantillas al compartir tu p\u00e1gina de recaudaci\u00f3n de fondos:<\/p>\n<p><\/p>\n<p>Hola, [Nombre] \ud83d\udc9b Este mes estoy apoyando la campa\u00f1a &#8220;Blooming Together&#8221; de El Futuro. Ayuda a financiar un espacio verde de sanaci\u00f3n para la salud mental. \u00bfConsiderar\u00edas hacer una donaci\u00f3n? [enlace]<br \/>&#8212;&#8212;&#8212;&#8212;&#8212;&#8212;&#8212;&#8212;&#8212;&#8212;&#8212;&#8212;&#8212;&#8212;&#8212;&#8212;&#8212;<\/p>\n<p><\/p>\n<p>\u00a1Hola, [Nombre]! Estoy recaudando fondos para El Futuro \ud83c\udf3f Todo gira en torno a la salud mental y la sanaci\u00f3n comunitaria a trav\u00e9s de la naturaleza. Aqu\u00ed tienes mi p\u00e1gina por si te gustar\u00eda apoyar: [enlace]<br \/>&#8212;&#8212;&#8212;&#8212;&#8212;&#8212;&#8212;&#8212;&#8212;&#8212;&#8212;&#8212;&#8212;&#8212;&#8212;&#8212;&#8212;<\/p>\n<p><\/p>\n<p>Hola, [Nombre]: estoy recaudando fondos para una causa que me importa mucho \ud83d\udc9a El Futuro crea espacios para la sanaci\u00f3n y la conexi\u00f3n. Me encantar\u00eda contar con tu apoyo: [enlace]<br \/>&#8212;&#8212;&#8212;&#8212;&#8212;&#8212;&#8212;&#8212;&#8212;&#8212;&#8212;&#8212;&#8212;&#8212;&#8212;&#8212;&#8211;<\/p>\n<p><\/p>\n<p>Una petici\u00f3n r\u00e1pida \ud83d\udc9b Estoy apoyando la campa\u00f1a &#8220;Blooming Together&#8221; de El Futuro. Financia programas y un espacio verde de sanaci\u00f3n. Te agradezco que le eches un vistazo: [enlace]<br \/>&#8212;&#8212;&#8212;&#8212;&#8212;&#8212;&#8212;&#8212;&#8212;&#8212;&#8212;&#8212;&#8212;&#8212;&#8212;&#8212;&#8211;<\/p>\n<p><\/p>\n<p>Cada conversaci\u00f3n que inicias y cada enlace que compartes ayudan a hacer crecer esta comunidad de cuidado. Juntos, estamos cultivando un espacio donde la sanaci\u00f3n para las familias latinas pueda echar ra\u00edces y florecer, tanto hoy como para las generaciones venideras.<\/p>\n<p><\/p>\n<p>Si tienes alguna pregunta o necesitas asistencia, por favor comun\u00edcate con Lizbeth Turrubiartes, Coordinadora de Desarrollo Institucional: LTurrubiartes@elfuturo-nc.org o<\/p>\n<p>[\/et_pb_text][et_pb_text _builder_version=&#8221;4.24.2&#8243; _module_preset=&#8221;default&#8221; global_colors_info=&#8221;{}&#8221;]<\/p>\n<h3 style=\"text-align: center;\">Plantilla de Email<\/h3>\n<p>[\/et_pb_text][et_pb_text _builder_version=&#8221;4.24.2&#8243; _module_preset=&#8221;default&#8221; global_colors_info=&#8221;{}&#8221;]<\/p>\n<p>Hola, [Nombre] \ud83d\udc9b Estoy recaudando fondos para El Futuro, una organizaci\u00f3n sin fines de lucro dedicada a la salud mental y la sanaci\u00f3n en las comunidades latinas. Su campa\u00f1a \u00abBlooming Together\u00bb financia un espacio verde terap\u00e9utico donde la naturaleza, la cultura y la comunidad se unen para fomentar el bienestar. Me encantar\u00eda contar con tu ayuda: \u00bfconsiderar\u00edas hacer una donaci\u00f3n o compartir mi p\u00e1gina? [enlace]<\/p>\n<p>[\/et_pb_text][\/et_pb_column][\/et_pb_row][\/et_pb_section]<\/p>\n","protected":false},"excerpt":{"rendered":"<p>Este mes de mayo, est\u00e1s ayudando a que nuestra comunidad se fortalezca a trav\u00e9s de la conexi\u00f3n, la cultura y el poder sanador de la naturaleza. Como defensor de nuestra causa, eres una parte esencial de *Blooming Together*, transformando tu pasi\u00f3n en acci\u00f3n e invitando a otros a formar parte de algo significativo.Esta es tu [&hellip;]<\/p>\n","protected":false},"author":8,"featured_media":22815,"comment_status":"open","ping_status":"open","sticky":false,"template":"","format":"standard","meta":{"_et_pb_use_builder":"on","_et_pb_old_content":"","_et_gb_content_width":"","footnotes":"","_links_to":"","_links_to_target":""},"categories":[32],"tags":[],"class_list":["post-23387","post","type-post","status-publish","format-standard","has-post-thumbnail","hentry","category-news-es"],"_links":{"self":[{"href":"https:\/\/elfuturo-nc.org\/es\/wp-json\/wp\/v2\/posts\/23387","targetHints":{"allow":["GET"]}}],"collection":[{"href":"https:\/\/elfuturo-nc.org\/es\/wp-json\/wp\/v2\/posts"}],"about":[{"href":"https:\/\/elfuturo-nc.org\/es\/wp-json\/wp\/v2\/types\/post"}],"author":[{"embeddable":true,"href":"https:\/\/elfuturo-nc.org\/es\/wp-json\/wp\/v2\/users\/8"}],"replies":[{"embeddable":true,"href":"https:\/\/elfuturo-nc.org\/es\/wp-json\/wp\/v2\/comments?post=23387"}],"version-history":[{"count":5,"href":"https:\/\/elfuturo-nc.org\/es\/wp-json\/wp\/v2\/posts\/23387\/revisions"}],"predecessor-version":[{"id":23393,"href":"https:\/\/elfuturo-nc.org\/es\/wp-json\/wp\/v2\/posts\/23387\/revisions\/23393"}],"wp:featuredmedia":[{"embeddable":true,"href":"https:\/\/elfuturo-nc.org\/es\/wp-json\/wp\/v2\/media\/22815"}],"wp:attachment":[{"href":"https:\/\/elfuturo-nc.org\/es\/wp-json\/wp\/v2\/media?parent=23387"}],"wp:term":[{"taxonomy":"category","embeddable":true,"href":"https:\/\/elfuturo-nc.org\/es\/wp-json\/wp\/v2\/categories?post=23387"},{"taxonomy":"post_tag","embeddable":true,"href":"https:\/\/elfuturo-nc.org\/es\/wp-json\/wp\/v2\/tags?post=23387"}],"curies":[{"name":"wp","href":"https:\/\/api.w.org\/{rel}","templated":true}]}}