{"id":8464,"date":"2022-01-25T13:46:26","date_gmt":"2022-01-25T18:46:26","guid":{"rendered":"https:\/\/elfuturo-nc.org\/podcast-cultivando-mentes\/"},"modified":"2022-01-25T13:46:27","modified_gmt":"2022-01-25T18:46:27","slug":"podcast-cultivando-mentes","status":"publish","type":"post","link":"https:\/\/elfuturo-nc.org\/es\/podcast-cultivando-mentes\/","title":{"rendered":"Podcast Cultivando Mentes"},"content":{"rendered":"<p>[et_pb_section fb_built=&#8221;1&#8243; admin_label=&#8221;section&#8221; _builder_version=&#8221;3.22&#8243;][et_pb_row admin_label=&#8221;row&#8221; _builder_version=&#8221;3.25&#8243; background_size=&#8221;initial&#8221; background_position=&#8221;top_left&#8221; background_repeat=&#8221;repeat&#8221;][et_pb_column type=&#8221;4_4&#8243; _builder_version=&#8221;3.25&#8243; custom_padding=&#8221;|||&#8221; custom_padding__hover=&#8221;|||&#8221;][et_pb_text admin_label=&#8221;Text&#8221; _builder_version=&#8221;4.9.1&#8243; background_size=&#8221;initial&#8221; background_position=&#8221;top_left&#8221; background_repeat=&#8221;repeat&#8221; hover_enabled=&#8221;0&#8243; sticky_enabled=&#8221;0&#8243;]<\/p>\n<p>\u00bfQuiere saber c\u00f3mo puede ayudar eficazmente a sus hijos con la regulaci\u00f3n de las emociones? Tenemos buenas noticias, nuestro programa llamado &#8220;ALMA&#8221; se asoci\u00f3 con East Coast Migrant Head Start en un podcast en ingl\u00e9s y espa\u00f1ol llamado Cultivating Minds. Rachel Galanter, nuestra l\u00edder del programa de asistencia t\u00e9cnica y consulta aqu\u00ed en El Futuro, fue invitada a este podcast para ayudar a los padres con diferentes consejos y ejercicios que pueden usar con sus hijos en casa.<\/p>\n<p>Un podcast inspirado en ni\u00f1os donde adultos aprenden de ellos y expertos sobre educaci\u00f3n, psicolog\u00eda, medicina, ciencia, arte y mucho m\u00e1s. Cada conversaci\u00f3n se basa en un principio de Head Start. Haga clic en la imagen de abajo ahora!<\/p>\n<p><a href=\"https:\/\/anchor.fm\/east-coast-migrant-head-start-project\/episodes\/Children-learn-best-when-they-are-emotionally-and-physically-safe-and-secure-e1c2d48\/a-a74urog?fbclid=IwAR1ObnVbnkr9BVq7hyB5EMPiH_9itCI02Nf2zmJ1DVtip4RMq19k_Emi1fs\"><img loading=\"lazy\" decoding=\"async\" class=\"wp-image-8452 alignleft size-large\" src=\"https:\/\/elfuturo-nc.org\/wp-content\/uploads\/2022\/01\/podcast-image-1024x487.png\" alt=\"\" width=\"1024\" height=\"487\" srcset=\"https:\/\/elfuturo-nc.org\/wp-content\/uploads\/2022\/01\/podcast-image-980x466.png 980w, https:\/\/elfuturo-nc.org\/wp-content\/uploads\/2022\/01\/podcast-image-480x228.png 480w\" sizes=\"auto, (min-width: 0px) and (max-width: 480px) 480px, (min-width: 481px) and (max-width: 980px) 980px, (min-width: 981px) 1024px, 100vw\" \/><\/a><\/p>\n<p>[\/et_pb_text][\/et_pb_column][\/et_pb_row][\/et_pb_section]<\/p>\n","protected":false},"excerpt":{"rendered":"<p>\u00bfQuiere saber c\u00f3mo puede ayudar eficazmente a sus hijos con la regulaci\u00f3n de las emociones? Tenemos buenas noticias, nuestro programa llamado &#8220;ALMA&#8221; se asoci\u00f3 con East Coast Migrant Head Start en un podcast en ingl\u00e9s y espa\u00f1ol llamado Cultivating Minds. Rachel Galanter, nuestra l\u00edder del programa de asistencia t\u00e9cnica y consulta aqu\u00ed en El Futuro, [&hellip;]<\/p>\n","protected":false},"author":8,"featured_media":4027,"comment_status":"open","ping_status":"open","sticky":false,"template":"","format":"standard","meta":{"_et_pb_use_builder":"on","_et_pb_old_content":"","_et_gb_content_width":"","footnotes":"","_links_to":"","_links_to_target":""},"categories":[32],"tags":[],"class_list":["post-8464","post","type-post","status-publish","format-standard","has-post-thumbnail","hentry","category-news-es"],"_links":{"self":[{"href":"https:\/\/elfuturo-nc.org\/es\/wp-json\/wp\/v2\/posts\/8464","targetHints":{"allow":["GET"]}}],"collection":[{"href":"https:\/\/elfuturo-nc.org\/es\/wp-json\/wp\/v2\/posts"}],"about":[{"href":"https:\/\/elfuturo-nc.org\/es\/wp-json\/wp\/v2\/types\/post"}],"author":[{"embeddable":true,"href":"https:\/\/elfuturo-nc.org\/es\/wp-json\/wp\/v2\/users\/8"}],"replies":[{"embeddable":true,"href":"https:\/\/elfuturo-nc.org\/es\/wp-json\/wp\/v2\/comments?post=8464"}],"version-history":[{"count":0,"href":"https:\/\/elfuturo-nc.org\/es\/wp-json\/wp\/v2\/posts\/8464\/revisions"}],"wp:featuredmedia":[{"embeddable":true,"href":"https:\/\/elfuturo-nc.org\/es\/wp-json\/wp\/v2\/media\/4027"}],"wp:attachment":[{"href":"https:\/\/elfuturo-nc.org\/es\/wp-json\/wp\/v2\/media?parent=8464"}],"wp:term":[{"taxonomy":"category","embeddable":true,"href":"https:\/\/elfuturo-nc.org\/es\/wp-json\/wp\/v2\/categories?post=8464"},{"taxonomy":"post_tag","embeddable":true,"href":"https:\/\/elfuturo-nc.org\/es\/wp-json\/wp\/v2\/tags?post=8464"}],"curies":[{"name":"wp","href":"https:\/\/api.w.org\/{rel}","templated":true}]}}